{"id":235,"date":"2020-03-23T14:44:58","date_gmt":"2020-03-23T14:44:58","guid":{"rendered":"https:\/\/greenhouseinthesnow-europe.com\/?p=235"},"modified":"2020-03-24T19:35:24","modified_gmt":"2020-03-24T19:35:24","slug":"meeting-the-greenhouse-in-the-snow-team","status":"publish","type":"post","link":"https:\/\/greenhouseinthesnow-europe.com\/fr\/meeting-the-greenhouse-in-the-snow-team\/","title":{"rendered":"La rencontre avec l\u2019\u00e9quipe de Greenhouse in the Snow"},"content":{"rendered":"<p>[et_pb_section fb_built=&#8221;1&#8243; _builder_version=&#8221;4.0.9&#8243;][et_pb_row _builder_version=&#8221;4.0.9&#8243;][et_pb_column type=&#8221;4_4&#8243; _builder_version=&#8221;4.0.9&#8243;][et_pb_text _builder_version=&#8221;4.0.9&#8243;]<\/p>\n<p>C\u2019est en novembre 2019, apr\u00e8s de nombreux \u00e9changes par email, principalement avec Allen, que nous avons organis\u00e9 notre rencontre \u00e0 Alliance, au Nebraska, pour que l\u2019\u00e9quipe de Greenhouse in the Snow me transmette tout ce qu\u2019il y a \u00e0 savoir sur la production et l\u2019installation des serres en Europe.<\/p>\n<p>J\u2019avais toujours beaucoup voyag\u00e9 pour raisons professionnelles, mais jamais pour mon propre projet\u00a0: son succ\u00e8s d\u00e9pendait cette fois-ci enti\u00e8rement de moi. Quelle motivation alors pour d\u00e9ployer toute mon \u00e9nergie et apprendre le plus possible\u00a0!<\/p>\n<p>D\u00e8s l\u2019atterrissage je me suis retrouv\u00e9 plong\u00e9 en plein d\u00e9cor de film\u00a0: en une demi-journ\u00e9e au volant de ma voiture de location, les paysages travers\u00e9s de Denver (Colorado) \u00e0 Alliance (Nebraska) ont raviv\u00e9 mon amour du voyage, \u00e0 la rencontre de nouveaux peuples, \u00e0 la d\u00e9couverte de nouveaux habitats et cultures, de nouvelles faunes et flores.<\/p>\n<p>Une fois \u00e0 l\u2019atelier d\u2019Antioch, la rencontre avec Allen a \u00e9t\u00e9 \u00e9vidente, et nos affinit\u00e9s, imm\u00e9diates\u00a0: les 4 jours qui ont suivi n\u2019ont \u00e9t\u00e9 qu\u2019\u00e9changes anim\u00e9s, discussions passionn\u00e9es, \u00e0 projeter l\u2019avenir de la filiale europ\u00e9enne, et les am\u00e9liorations et \u00e9volutions futures des serres.<\/p>\n<p>C\u2019est un peu plus tard, le premier jour, que j\u2019ai \u00e9galement fait la rencontre de Russ, et franchi avec \u00e9motion l\u2019entr\u00e9e de sa serre, accol\u00e9e \u00e0 sa maison\u00a0: apr\u00e8s tant de mois de recherches et de discussions, je d\u00e9couvrais enfin la toute premi\u00e8re serre g\u00e9othermique\u00a0!<\/p>\n<p>D\u00e8s le seuil franchi, je me suis retrouv\u00e9 dans une oasis tropicale, chaude et moite. Dehors tout \u00e9tait recouvert d\u2019un tapis de neige blanche\u00a0; dedans, les citrons et les oranges se d\u00e9tachaient sur un d\u00e9grad\u00e9 de verts.<\/p>\n<p>Russ m\u2019a tout expliqu\u00e9\u00a0: la gen\u00e8se de son concept, son fonctionnement, et toutes les modifications de son syst\u00e8me au fil des ann\u00e9es. Quelle premi\u00e8re journ\u00e9e intense\u00a0!<\/p>\n<p>Le lendemain Russ m\u2019a emmen\u00e9 visiter la serre de Lisa et Allen. De taille modeste en apparence, c\u2019est une fois \u00e0 l\u2019int\u00e9rieur que l\u2019on d\u00e9couvre son volume impressionnant\u00a0: sous trois m\u00e8tres de hauteur, la serre est partiellement creus\u00e9e dans le sol, afin de r\u00e9cup\u00e9rer la chaleur du sol. De chaque c\u00f4t\u00e9, une large planche sur\u00e9lev\u00e9e accueille tout du long l\u00e9gumes, aromates, \u00e9pices et fleurs. L\u2019all\u00e9e centrale en contrebas est plant\u00e9e d\u2019arbres encore jeunes, qui laissent apercevoir toute l\u2019ampleur et la longueur de la serre.<\/p>\n<p>J\u2019ai pass\u00e9 beaucoup de temps avec Allen \u00e0 l\u2019atelier, \u00e0 apprendre tous les d\u00e9tails techniques des serres, et \u00e0 souder et assembler les pi\u00e8ces.<\/p>\n<p>Le dernier soir chez Lisa et Allen j\u2019ai d\u00e9couvert le fameux steack au BBQ \u00e0 l\u2019am\u00e9ricaine\u00a0: un r\u00e9gal\u00a0!<\/p>\n<p>Sur la route du retour vers Denver, je me suis arr\u00eat\u00e9 \u00e0 Laramie par un froid glacial (-20\u00b0\u00a0!), pour visiter une autre serre g\u00e9othermique. Par cette belle apr\u00e8s-midi ensoleill\u00e9e, il faisait 20\u00b0 sous la serre, tandis que Marc, son propri\u00e9taire, me faisait partager son exp\u00e9rience et me racontait son installation. \nLe soir-m\u00eame dans ma chambre d\u2019<\/p>\n<p>Le soir-m\u00eame dans ma chambre d\u2019h\u00f4tel, \u00e0 revivre les rencontres et les visites des jours pr\u00e9c\u00e9dents, je ne contenais plus mon enthousiasme pour ce formidable concept de serres g\u00e9othermiques\u00a0!<\/p>\n<p>Je suis rentr\u00e9 en France la t\u00eate pleine d\u2019id\u00e9es et de choses \u00e0 mettre en place, fort d\u2019une \u00e9nergie d\u00e9bordante pour importer ce formidable concept en Europe\u00a0!<\/p>\n<p>[\/et_pb_text][\/et_pb_column][\/et_pb_row][\/et_pb_section]<\/p>","protected":false},"excerpt":{"rendered":"<p>It is November 2019 where, after a few weeks of intensive email contact (mainly with Allen), we have decided that I undertake a trip to Alliance, Nebraska to meet the Greenhouse in the Snow team personally. Main goal for the trip was to transfer as much knowledge as possible on producing and building the greenhouses [&hellip;]<\/p>","protected":false},"author":1,"featured_media":168,"comment_status":"open","ping_status":"open","sticky":false,"template":"","format":"standard","meta":{"_et_pb_use_builder":"on","_et_pb_old_content":"","_et_gb_content_width":"","_jetpack_memberships_contains_paid_content":false,"footnotes":""},"categories":[3,1],"tags":[],"class_list":["post-235","post","type-post","status-publish","format-standard","has-post-thumbnail","hentry","category-my-story","category-uncategorized"],"yoast_head":"<!-- This site is optimized with the Yoast SEO plugin v26.7 - https:\/\/yoast.com\/wordpress\/plugins\/seo\/ -->\n<title>Meeting the Greenhouse in the Snow team. - Greenhouse in the snow<\/title>\n<meta name=\"robots\" content=\"index, follow, max-snippet:-1, max-image-preview:large, max-video-preview:-1\" \/>\n<link rel=\"canonical\" href=\"https:\/\/greenhouseinthesnow-europe.com\/fr\/meeting-the-greenhouse-in-the-snow-team\/\" \/>\n<meta property=\"og:locale\" content=\"fr_FR\" \/>\n<meta property=\"og:type\" content=\"article\" \/>\n<meta property=\"og:title\" content=\"Meeting the Greenhouse in the Snow team. - Greenhouse in the snow\" \/>\n<meta property=\"og:description\" content=\"It is November 2019 where, after a few weeks of intensive email contact (mainly with Allen), we have decided that I undertake a trip to Alliance, Nebraska to meet the Greenhouse in the Snow team personally. Main goal for the trip was to transfer as much knowledge as possible on producing and building the greenhouses [&hellip;]\" \/>\n<meta property=\"og:url\" content=\"https:\/\/greenhouseinthesnow-europe.com\/fr\/meeting-the-greenhouse-in-the-snow-team\/\" \/>\n<meta property=\"og:site_name\" content=\"Greenhouse in the snow\" \/>\n<meta property=\"article:published_time\" content=\"2020-03-23T14:44:58+00:00\" \/>\n<meta property=\"article:modified_time\" content=\"2020-03-24T19:35:24+00:00\" \/>\n<meta property=\"og:image\" content=\"https:\/\/i1.wp.com\/greenhouseinthesnow-europe.com\/wordpress\/wp-content\/uploads\/2020\/03\/Sascha-and-Co.jpg?fit=1000%2C1000&ssl=1\" \/>\n\t<meta property=\"og:image:width\" content=\"1000\" \/>\n\t<meta property=\"og:image:height\" content=\"1000\" \/>\n\t<meta property=\"og:image:type\" content=\"image\/jpeg\" \/>\n<meta name=\"author\" content=\"sascha_happe\" \/>\n<meta name=\"twitter:card\" content=\"summary_large_image\" \/>\n<meta name=\"twitter:label1\" content=\"\u00c9crit par\" \/>\n\t<meta name=\"twitter:data1\" content=\"sascha_happe\" \/>\n\t<meta name=\"twitter:label2\" content=\"Dur\u00e9e de lecture estim\u00e9e\" \/>\n\t<meta name=\"twitter:data2\" content=\"4 minutes\" \/>\n<script type=\"application\/ld+json\" class=\"yoast-schema-graph\">{\"@context\":\"https:\/\/schema.org\",\"@graph\":[{\"@type\":\"Article\",\"@id\":\"https:\/\/greenhouseinthesnow-europe.com\/meeting-the-greenhouse-in-the-snow-team\/#article\",\"isPartOf\":{\"@id\":\"https:\/\/greenhouseinthesnow-europe.com\/meeting-the-greenhouse-in-the-snow-team\/\"},\"author\":{\"name\":\"sascha_happe\",\"@id\":\"https:\/\/greenhouseinthesnow-europe.com\/#\/schema\/person\/80c9c9ae98b71f25d0881aebe3fdcd30\"},\"headline\":\"Meeting the Greenhouse in the Snow team.\",\"datePublished\":\"2020-03-23T14:44:58+00:00\",\"dateModified\":\"2020-03-24T19:35:24+00:00\",\"mainEntityOfPage\":{\"@id\":\"https:\/\/greenhouseinthesnow-europe.com\/meeting-the-greenhouse-in-the-snow-team\/\"},\"wordCount\":721,\"commentCount\":0,\"publisher\":{\"@id\":\"https:\/\/greenhouseinthesnow-europe.com\/#organization\"},\"image\":{\"@id\":\"https:\/\/greenhouseinthesnow-europe.com\/meeting-the-greenhouse-in-the-snow-team\/#primaryimage\"},\"thumbnailUrl\":\"https:\/\/i0.wp.com\/greenhouseinthesnow-europe.com\/wordpress\/wp-content\/uploads\/2020\/03\/Sascha-and-Co.jpg?fit=1000%2C1000&ssl=1\",\"articleSection\":[\"My Story\",\"Uncategorized\"],\"inLanguage\":\"fr-FR\",\"potentialAction\":[{\"@type\":\"CommentAction\",\"name\":\"Comment\",\"target\":[\"https:\/\/greenhouseinthesnow-europe.com\/meeting-the-greenhouse-in-the-snow-team\/#respond\"]}]},{\"@type\":\"WebPage\",\"@id\":\"https:\/\/greenhouseinthesnow-europe.com\/meeting-the-greenhouse-in-the-snow-team\/\",\"url\":\"https:\/\/greenhouseinthesnow-europe.com\/meeting-the-greenhouse-in-the-snow-team\/\",\"name\":\"Meeting the Greenhouse in the Snow team. - Greenhouse in the snow\",\"isPartOf\":{\"@id\":\"https:\/\/greenhouseinthesnow-europe.com\/#website\"},\"primaryImageOfPage\":{\"@id\":\"https:\/\/greenhouseinthesnow-europe.com\/meeting-the-greenhouse-in-the-snow-team\/#primaryimage\"},\"image\":{\"@id\":\"https:\/\/greenhouseinthesnow-europe.com\/meeting-the-greenhouse-in-the-snow-team\/#primaryimage\"},\"thumbnailUrl\":\"https:\/\/i0.wp.com\/greenhouseinthesnow-europe.com\/wordpress\/wp-content\/uploads\/2020\/03\/Sascha-and-Co.jpg?fit=1000%2C1000&ssl=1\",\"datePublished\":\"2020-03-23T14:44:58+00:00\",\"dateModified\":\"2020-03-24T19:35:24+00:00\",\"breadcrumb\":{\"@id\":\"https:\/\/greenhouseinthesnow-europe.com\/meeting-the-greenhouse-in-the-snow-team\/#breadcrumb\"},\"inLanguage\":\"fr-FR\",\"potentialAction\":[{\"@type\":\"ReadAction\",\"target\":[\"https:\/\/greenhouseinthesnow-europe.com\/meeting-the-greenhouse-in-the-snow-team\/\"]}]},{\"@type\":\"ImageObject\",\"inLanguage\":\"fr-FR\",\"@id\":\"https:\/\/greenhouseinthesnow-europe.com\/meeting-the-greenhouse-in-the-snow-team\/#primaryimage\",\"url\":\"https:\/\/i0.wp.com\/greenhouseinthesnow-europe.com\/wordpress\/wp-content\/uploads\/2020\/03\/Sascha-and-Co.jpg?fit=1000%2C1000&ssl=1\",\"contentUrl\":\"https:\/\/i0.wp.com\/greenhouseinthesnow-europe.com\/wordpress\/wp-content\/uploads\/2020\/03\/Sascha-and-Co.jpg?fit=1000%2C1000&ssl=1\",\"width\":1000,\"height\":1000,\"caption\":\"about us\"},{\"@type\":\"BreadcrumbList\",\"@id\":\"https:\/\/greenhouseinthesnow-europe.com\/meeting-the-greenhouse-in-the-snow-team\/#breadcrumb\",\"itemListElement\":[{\"@type\":\"ListItem\",\"position\":1,\"name\":\"Home\",\"item\":\"https:\/\/greenhouseinthesnow-europe.com\/\"},{\"@type\":\"ListItem\",\"position\":2,\"name\":\"Meeting the Greenhouse in the Snow team.\"}]},{\"@type\":\"WebSite\",\"@id\":\"https:\/\/greenhouseinthesnow-europe.com\/#website\",\"url\":\"https:\/\/greenhouseinthesnow-europe.com\/\",\"name\":\"Greenhouse in the snow\",\"description\":\"\",\"publisher\":{\"@id\":\"https:\/\/greenhouseinthesnow-europe.com\/#organization\"},\"potentialAction\":[{\"@type\":\"SearchAction\",\"target\":{\"@type\":\"EntryPoint\",\"urlTemplate\":\"https:\/\/greenhouseinthesnow-europe.com\/?s={search_term_string}\"},\"query-input\":{\"@type\":\"PropertyValueSpecification\",\"valueRequired\":true,\"valueName\":\"search_term_string\"}}],\"inLanguage\":\"fr-FR\"},{\"@type\":\"Organization\",\"@id\":\"https:\/\/greenhouseinthesnow-europe.com\/#organization\",\"name\":\"Greenhouse in the Snow - Europe\",\"url\":\"https:\/\/greenhouseinthesnow-europe.com\/\",\"logo\":{\"@type\":\"ImageObject\",\"inLanguage\":\"fr-FR\",\"@id\":\"https:\/\/greenhouseinthesnow-europe.com\/#\/schema\/logo\/image\/\",\"url\":\"https:\/\/i2.wp.com\/greenhouseinthesnow-europe.com\/wordpress\/wp-content\/uploads\/2020\/03\/logo-500x500-1.jpg?fit=500%2C543&ssl=1\",\"contentUrl\":\"https:\/\/i2.wp.com\/greenhouseinthesnow-europe.com\/wordpress\/wp-content\/uploads\/2020\/03\/logo-500x500-1.jpg?fit=500%2C543&ssl=1\",\"width\":500,\"height\":543,\"caption\":\"Greenhouse in the Snow - Europe\"},\"image\":{\"@id\":\"https:\/\/greenhouseinthesnow-europe.com\/#\/schema\/logo\/image\/\"}},{\"@type\":\"Person\",\"@id\":\"https:\/\/greenhouseinthesnow-europe.com\/#\/schema\/person\/80c9c9ae98b71f25d0881aebe3fdcd30\",\"name\":\"sascha_happe\",\"image\":{\"@type\":\"ImageObject\",\"inLanguage\":\"fr-FR\",\"@id\":\"https:\/\/greenhouseinthesnow-europe.com\/#\/schema\/person\/image\/\",\"url\":\"https:\/\/secure.gravatar.com\/avatar\/f0873b74e0d18433812da63d3be199c1629fa346f07284ed478076c4afa3d8d1?s=96&d=mm&r=g\",\"contentUrl\":\"https:\/\/secure.gravatar.com\/avatar\/f0873b74e0d18433812da63d3be199c1629fa346f07284ed478076c4afa3d8d1?s=96&d=mm&r=g\",\"caption\":\"sascha_happe\"},\"sameAs\":[\"http:\/\/www.greenhouseinthesnow-europe.com\"],\"url\":\"https:\/\/greenhouseinthesnow-europe.com\/fr\/author\/sascha_happe\/\"}]}<\/script>\n<!-- \/ Yoast SEO plugin. -->","yoast_head_json":{"title":"Meeting the Greenhouse in the Snow team. - Greenhouse in the snow","robots":{"index":"index","follow":"follow","max-snippet":"max-snippet:-1","max-image-preview":"max-image-preview:large","max-video-preview":"max-video-preview:-1"},"canonical":"https:\/\/greenhouseinthesnow-europe.com\/fr\/meeting-the-greenhouse-in-the-snow-team\/","og_locale":"fr_FR","og_type":"article","og_title":"Meeting the Greenhouse in the Snow team. - Greenhouse in the snow","og_description":"It is November 2019 where, after a few weeks of intensive email contact (mainly with Allen), we have decided that I undertake a trip to Alliance, Nebraska to meet the Greenhouse in the Snow team personally. Main goal for the trip was to transfer as much knowledge as possible on producing and building the greenhouses [&hellip;]","og_url":"https:\/\/greenhouseinthesnow-europe.com\/fr\/meeting-the-greenhouse-in-the-snow-team\/","og_site_name":"Greenhouse in the snow","article_published_time":"2020-03-23T14:44:58+00:00","article_modified_time":"2020-03-24T19:35:24+00:00","og_image":[{"width":1000,"height":1000,"url":"https:\/\/i1.wp.com\/greenhouseinthesnow-europe.com\/wordpress\/wp-content\/uploads\/2020\/03\/Sascha-and-Co.jpg?fit=1000%2C1000&ssl=1","type":"image\/jpeg"}],"author":"sascha_happe","twitter_card":"summary_large_image","twitter_misc":{"\u00c9crit par":"sascha_happe","Dur\u00e9e de lecture estim\u00e9e":"4 minutes"},"schema":{"@context":"https:\/\/schema.org","@graph":[{"@type":"Article","@id":"https:\/\/greenhouseinthesnow-europe.com\/meeting-the-greenhouse-in-the-snow-team\/#article","isPartOf":{"@id":"https:\/\/greenhouseinthesnow-europe.com\/meeting-the-greenhouse-in-the-snow-team\/"},"author":{"name":"sascha_happe","@id":"https:\/\/greenhouseinthesnow-europe.com\/#\/schema\/person\/80c9c9ae98b71f25d0881aebe3fdcd30"},"headline":"Meeting the Greenhouse in the Snow team.","datePublished":"2020-03-23T14:44:58+00:00","dateModified":"2020-03-24T19:35:24+00:00","mainEntityOfPage":{"@id":"https:\/\/greenhouseinthesnow-europe.com\/meeting-the-greenhouse-in-the-snow-team\/"},"wordCount":721,"commentCount":0,"publisher":{"@id":"https:\/\/greenhouseinthesnow-europe.com\/#organization"},"image":{"@id":"https:\/\/greenhouseinthesnow-europe.com\/meeting-the-greenhouse-in-the-snow-team\/#primaryimage"},"thumbnailUrl":"https:\/\/i0.wp.com\/greenhouseinthesnow-europe.com\/wordpress\/wp-content\/uploads\/2020\/03\/Sascha-and-Co.jpg?fit=1000%2C1000&ssl=1","articleSection":["My Story","Uncategorized"],"inLanguage":"fr-FR","potentialAction":[{"@type":"CommentAction","name":"Comment","target":["https:\/\/greenhouseinthesnow-europe.com\/meeting-the-greenhouse-in-the-snow-team\/#respond"]}]},{"@type":"WebPage","@id":"https:\/\/greenhouseinthesnow-europe.com\/meeting-the-greenhouse-in-the-snow-team\/","url":"https:\/\/greenhouseinthesnow-europe.com\/meeting-the-greenhouse-in-the-snow-team\/","name":"Meeting the Greenhouse in the Snow team. - Greenhouse in the snow","isPartOf":{"@id":"https:\/\/greenhouseinthesnow-europe.com\/#website"},"primaryImageOfPage":{"@id":"https:\/\/greenhouseinthesnow-europe.com\/meeting-the-greenhouse-in-the-snow-team\/#primaryimage"},"image":{"@id":"https:\/\/greenhouseinthesnow-europe.com\/meeting-the-greenhouse-in-the-snow-team\/#primaryimage"},"thumbnailUrl":"https:\/\/i0.wp.com\/greenhouseinthesnow-europe.com\/wordpress\/wp-content\/uploads\/2020\/03\/Sascha-and-Co.jpg?fit=1000%2C1000&ssl=1","datePublished":"2020-03-23T14:44:58+00:00","dateModified":"2020-03-24T19:35:24+00:00","breadcrumb":{"@id":"https:\/\/greenhouseinthesnow-europe.com\/meeting-the-greenhouse-in-the-snow-team\/#breadcrumb"},"inLanguage":"fr-FR","potentialAction":[{"@type":"ReadAction","target":["https:\/\/greenhouseinthesnow-europe.com\/meeting-the-greenhouse-in-the-snow-team\/"]}]},{"@type":"ImageObject","inLanguage":"fr-FR","@id":"https:\/\/greenhouseinthesnow-europe.com\/meeting-the-greenhouse-in-the-snow-team\/#primaryimage","url":"https:\/\/i0.wp.com\/greenhouseinthesnow-europe.com\/wordpress\/wp-content\/uploads\/2020\/03\/Sascha-and-Co.jpg?fit=1000%2C1000&ssl=1","contentUrl":"https:\/\/i0.wp.com\/greenhouseinthesnow-europe.com\/wordpress\/wp-content\/uploads\/2020\/03\/Sascha-and-Co.jpg?fit=1000%2C1000&ssl=1","width":1000,"height":1000,"caption":"about us"},{"@type":"BreadcrumbList","@id":"https:\/\/greenhouseinthesnow-europe.com\/meeting-the-greenhouse-in-the-snow-team\/#breadcrumb","itemListElement":[{"@type":"ListItem","position":1,"name":"Home","item":"https:\/\/greenhouseinthesnow-europe.com\/"},{"@type":"ListItem","position":2,"name":"Meeting the Greenhouse in the Snow team."}]},{"@type":"WebSite","@id":"https:\/\/greenhouseinthesnow-europe.com\/#website","url":"https:\/\/greenhouseinthesnow-europe.com\/","name":"Greenhouse in the snow","description":"","publisher":{"@id":"https:\/\/greenhouseinthesnow-europe.com\/#organization"},"potentialAction":[{"@type":"SearchAction","target":{"@type":"EntryPoint","urlTemplate":"https:\/\/greenhouseinthesnow-europe.com\/?s={search_term_string}"},"query-input":{"@type":"PropertyValueSpecification","valueRequired":true,"valueName":"search_term_string"}}],"inLanguage":"fr-FR"},{"@type":"Organization","@id":"https:\/\/greenhouseinthesnow-europe.com\/#organization","name":"Greenhouse in the Snow - Europe","url":"https:\/\/greenhouseinthesnow-europe.com\/","logo":{"@type":"ImageObject","inLanguage":"fr-FR","@id":"https:\/\/greenhouseinthesnow-europe.com\/#\/schema\/logo\/image\/","url":"https:\/\/i2.wp.com\/greenhouseinthesnow-europe.com\/wordpress\/wp-content\/uploads\/2020\/03\/logo-500x500-1.jpg?fit=500%2C543&ssl=1","contentUrl":"https:\/\/i2.wp.com\/greenhouseinthesnow-europe.com\/wordpress\/wp-content\/uploads\/2020\/03\/logo-500x500-1.jpg?fit=500%2C543&ssl=1","width":500,"height":543,"caption":"Greenhouse in the Snow - Europe"},"image":{"@id":"https:\/\/greenhouseinthesnow-europe.com\/#\/schema\/logo\/image\/"}},{"@type":"Person","@id":"https:\/\/greenhouseinthesnow-europe.com\/#\/schema\/person\/80c9c9ae98b71f25d0881aebe3fdcd30","name":"sascha_happe","image":{"@type":"ImageObject","inLanguage":"fr-FR","@id":"https:\/\/greenhouseinthesnow-europe.com\/#\/schema\/person\/image\/","url":"https:\/\/secure.gravatar.com\/avatar\/f0873b74e0d18433812da63d3be199c1629fa346f07284ed478076c4afa3d8d1?s=96&d=mm&r=g","contentUrl":"https:\/\/secure.gravatar.com\/avatar\/f0873b74e0d18433812da63d3be199c1629fa346f07284ed478076c4afa3d8d1?s=96&d=mm&r=g","caption":"sascha_happe"},"sameAs":["http:\/\/www.greenhouseinthesnow-europe.com"],"url":"https:\/\/greenhouseinthesnow-europe.com\/fr\/author\/sascha_happe\/"}]}},"jetpack_featured_media_url":"https:\/\/i0.wp.com\/greenhouseinthesnow-europe.com\/wordpress\/wp-content\/uploads\/2020\/03\/Sascha-and-Co.jpg?fit=1000%2C1000&ssl=1","jetpack_sharing_enabled":true,"_links":{"self":[{"href":"https:\/\/greenhouseinthesnow-europe.com\/fr\/wp-json\/wp\/v2\/posts\/235","targetHints":{"allow":["GET"]}}],"collection":[{"href":"https:\/\/greenhouseinthesnow-europe.com\/fr\/wp-json\/wp\/v2\/posts"}],"about":[{"href":"https:\/\/greenhouseinthesnow-europe.com\/fr\/wp-json\/wp\/v2\/types\/post"}],"author":[{"embeddable":true,"href":"https:\/\/greenhouseinthesnow-europe.com\/fr\/wp-json\/wp\/v2\/users\/1"}],"replies":[{"embeddable":true,"href":"https:\/\/greenhouseinthesnow-europe.com\/fr\/wp-json\/wp\/v2\/comments?post=235"}],"version-history":[{"count":4,"href":"https:\/\/greenhouseinthesnow-europe.com\/fr\/wp-json\/wp\/v2\/posts\/235\/revisions"}],"predecessor-version":[{"id":270,"href":"https:\/\/greenhouseinthesnow-europe.com\/fr\/wp-json\/wp\/v2\/posts\/235\/revisions\/270"}],"wp:featuredmedia":[{"embeddable":true,"href":"https:\/\/greenhouseinthesnow-europe.com\/fr\/wp-json\/wp\/v2\/media\/168"}],"wp:attachment":[{"href":"https:\/\/greenhouseinthesnow-europe.com\/fr\/wp-json\/wp\/v2\/media?parent=235"}],"wp:term":[{"taxonomy":"category","embeddable":true,"href":"https:\/\/greenhouseinthesnow-europe.com\/fr\/wp-json\/wp\/v2\/categories?post=235"},{"taxonomy":"post_tag","embeddable":true,"href":"https:\/\/greenhouseinthesnow-europe.com\/fr\/wp-json\/wp\/v2\/tags?post=235"}],"curies":[{"name":"wp","href":"https:\/\/api.w.org\/{rel}","templated":true}]}}